{"id":626,"date":"2020-09-30T22:03:23","date_gmt":"2020-09-30T22:03:23","guid":{"rendered":"https:\/\/hannouchedalila.wordpress.com\/?p=626"},"modified":"2025-06-16T00:07:35","modified_gmt":"2025-06-15T22:07:35","slug":"le-harcelement-moral-dans-le-monde-de-lentreprise","status":"publish","type":"post","link":"https:\/\/dalilahannouche.com\/en\/le-harcelement-moral-dans-le-monde-de-lentreprise\/","title":{"rendered":"Le harc\u00e8lement moral dans le monde de l&rsquo;entreprise"},"content":{"rendered":"<p class=\"has-normal-font-size\"><strong>Le harc\u00e8lement moral au travail peut provenir d\u2019une femme haut plac\u00e9e dans l\u2019entreprise, une femme dont la parole vaudra toujours plus que la v\u00f4tre. &nbsp;Faute de preuves tangibles, vous manquerez de t\u00e9moignages. Vous-m\u00eame penserez&nbsp;: \u00ab&nbsp;C\u2019est peut-\u00eatre moi qui divague, moi qui imagine des choses\u2026&nbsp;\u00bb Tout le monde a peur d\u2019elle, ou plut\u00f4t, tout le monde a peur pour sa place. Aujourd\u2019hui, elle vous pers\u00e9cute, demain, sa cible, ce sera quelqu\u2019un d\u2019autre. R\u00e9agir ou Partir ? Une prise de d\u00e9cision qui n&rsquo;est pas toujours facile.<\/strong><\/p>\n\n\n\n<p class=\"has-medium-font-size\">Lamia a v\u00e9cu ce que l\u2019on pourrait appeler un harc\u00e8lement moral dans son lieu de travail. Elle se revoyait dans le roman de Delphine de Vigan \u00ab&nbsp;Les heures souterraines&nbsp;\u00bb, et comme le personnage principal, elle a quitt\u00e9 quand il \u00e9tait trop tard, quand tout \u00e9tait cass\u00e9, quand <em>elle <\/em>\u00e9tait cass\u00e9e.<\/p>\n\n\n\n<p class=\"has-medium-font-size\">Quelque chose n\u2019est plus. \u00c7a peut \u00eatre le manque de respect d\u2019un de ses sup\u00e9rieurs hi\u00e9rarchiques, tout comme \u00e7a peut \u00eatre sa jalousie vorace. Les raisons sont multiples, la liste est longue, mieux vaut ne pas rentrer dans les d\u00e9tails.<\/p>\n\n\n\n<p class=\"has-medium-font-size\">Lamia r\u00e9alisait des choses importantes que lui ou elle n\u2019arrivera jamais \u00e0 faire. Elle \u00e9tait jolie, m\u00eame s\u00e9duisante, appr\u00e9ci\u00e9e des autres coll\u00e8gues. C\u2019est ridicule, impensable et impossible pour elle, mais pour cette personne, c\u2019\u00e9tait le pire des outrages (Fait \u00e0 Sarah Keller\u2026 Plaisanterie \u00e0 part, personne ici ne s\u2019appelle Sarah Keller).<\/p>\n\n\n\n<p class=\"has-medium-font-size\">Donc, ce sup\u00e9rieur \u2013 en g\u00e9n\u00e9ral, une femme \u2013 souffre cruellement de n\u2019avoir ni mari, ni enfants et qui faute de bonheur familial et de joyeux marmots, a pour seul objectif de pourrir l\u2019existence de Lamia. Sa jeunesse, sa fraicheur, \u00e9veillent en elle une blessure peut \u00eatre plus pr\u00e9cieuse que la vie, une blessure pire qu\u2019une maladie. C\u2019est un cancer, c\u2019est <em>son<\/em> cancer, et elle fera tout pour l\u2019\u00e9radiquer, tout pour l\u2019effacer, tout pour que vous partiez. <\/p>\n\n\n\n<blockquote class=\"wp-block-quote is-layout-flow wp-block-quote-is-layout-flow\">\n<p><strong>Lamia, \u00e7a peut \u00eatre vous aussi, \u00e7a peut \u00eatre n\u2019importe qui.<\/strong><\/p>\n<\/blockquote>\n\n\n\n<p class=\"has-medium-font-size\">Des id\u00e9es comme de mauvaises herbes pourries, ne manqueront pas \u00e0 germer dans l\u2019esprit&nbsp;du sup\u00e9rieur hi\u00e9rarchique ; on vous isolera de la soci\u00e9t\u00e9&nbsp;: un autre \u00e9tage, un autre b\u00e2timent, qu\u2019importe, qu\u2019on ne vous voit plus&nbsp;! &nbsp;La possibilit\u00e9 de vous mettre dans les toilettes du coin n\u2019est pas sans leur d\u00e9plaire mais ils n\u2019oseront jamais&nbsp;; ce sera leur r\u00eave secret. On vous fermera les portes du c\u00f4t\u00e9 de votre bureau afin de n\u2019avoir pas acc\u00e8s \u00e0 l\u2019ascenseur, et qu\u2019\u00e0 cela ne tienne, on vous d\u00e9fendra d\u2019ouvrir les fen\u00eatres, en plein mois d\u2019aout et sans climatiseur, en faisant allusion \u00e0 la terrible pollution qui guette chaque particule oxyg\u00e9n\u00e9e, \u00e0 la noirceur soudaine des murs, aux \u00e9gouts qui peuplent nos rues.<\/p>\n\n\n\n<p class=\"has-medium-font-size\">Crise financi\u00e8re oblige, vous continuez \u00e0 revenir. Votre patron et vos coll\u00e8gues sont quand m\u00eames adorables, vous les c\u00f4toyez chaque jour, le sourire aux l\u00e8vres sans jamais rien confier de vos d\u00e9boires\u2026<\/p>\n\n\n\n<p class=\"has-medium-font-size\">La sup\u00e9rieure hi\u00e9rarchique ne comprend pas votre r\u00e9action si insipide, si d\u00e9sinvolte&nbsp;! Ma parole, vous la chercher&nbsp;! &nbsp;C\u2019est donc votre faute si elle ne s\u2019arr\u00eate pas l\u00e0 et qu\u2019\u00e0 votre \u00e9tage seulement, elle coupera l\u2019eau et l\u2019\u00e9lectricit\u00e9 dans les toilettes. La mauvaise odeur est loin de leur faire peur. Ils se croiront imbattable, mieux, indolores\u2026<\/p>\n\n\n\n<p class=\"has-medium-font-size\">Le harc\u00e8lement au travail, n\u2019est pas \u00e0 prendre \u00e0 la l\u00e9g\u00e8re. &nbsp;Un sup\u00e9rieur hi\u00e9rarchique peut aller loin dans ses machineries, dans ses mesquineries. Une tactique des plus redoutables peut se mettre en travers de votre route. Le cercle se resserre quand il y a des complices.<\/p>\n\n\n\n<p class=\"has-medium-font-size\">Soyez courageux. Soyez patients mais sachez partir quand il le faut. Quand \u00e7a ne devient plus possible, il faut se dire que quelque part, ailleurs, quelque chose de mieux nous attends.<\/p>\n\n\n\n<p class=\"has-text-align-right\"><strong>Dalila Hannouche<\/strong><\/p>\n\n\n\n<p><\/p>","protected":false},"excerpt":{"rendered":"<p>Le harc\u00e8lement moral au travail peut provenir d\u2019une femme haut plac\u00e9e dans l\u2019entreprise, une femme dont la parole vaudra toujours plus que la v\u00f4tre.  Faute de preuves tangibles, vous manquerez de t\u00e9moignages. Vous-m\u00eame penserez : \u00ab C\u2019est peut-\u00eatre moi qui divague, moi qui imagine des choses\u2026 \u00bb Tout le monde a peur d\u2019elle, ou plut\u00f4t, tout le monde a peur pour sa place. Aujourd\u2019hui, elle vous pers\u00e9cute, demain, sa cible, ce sera quelqu\u2019un d\u2019autre. R\u00e9agir ou Partir ? Une prise de d\u00e9cision qui n&rsquo;est pas toujours facile.<\/p>","protected":false},"author":1,"featured_media":635,"comment_status":"open","ping_status":"open","sticky":false,"template":"","format":"image","meta":{"_jetpack_memberships_contains_paid_content":false,"footnotes":""},"categories":[20],"tags":[],"class_list":["post-626","post","type-post","status-publish","format-image","has-post-thumbnail","hentry","category-mes-ecrits","post_format-post-format-image","entry"],"yoast_head":"<!-- This site is optimized with the Yoast SEO plugin v27.4 - https:\/\/yoast.com\/product\/yoast-seo-wordpress\/ -->\n<title>Le harc\u00e8lement moral dans le monde de l&#039;entreprise - Dalila Hannouche<\/title>\n<meta name=\"robots\" content=\"index, follow, max-snippet:-1, max-image-preview:large, max-video-preview:-1\" \/>\n<link rel=\"canonical\" href=\"https:\/\/dalilahannouche.com\/en\/le-harcelement-moral-dans-le-monde-de-lentreprise\/\" \/>\n<meta property=\"og:locale\" content=\"en_US\" \/>\n<meta property=\"og:type\" content=\"article\" \/>\n<meta property=\"og:title\" content=\"Le harc\u00e8lement moral dans le monde de l&#039;entreprise - Dalila Hannouche\" \/>\n<meta property=\"og:description\" content=\"Le harc\u00e8lement moral au travail peut provenir d\u2019une femme haut plac\u00e9e dans l\u2019entreprise, une femme dont la parole vaudra toujours plus que la v\u00f4tre. Faute de preuves tangibles, vous manquerez de t\u00e9moignages. Vous-m\u00eame penserez : \u00ab C\u2019est peut-\u00eatre moi qui divague, moi qui imagine des choses\u2026 \u00bb Tout le monde a peur d\u2019elle, ou plut\u00f4t, tout le monde a peur pour sa place. Aujourd\u2019hui, elle vous pers\u00e9cute, demain, sa cible, ce sera quelqu\u2019un d\u2019autre. R\u00e9agir ou Partir ? Une prise de d\u00e9cision qui n&#039;est pas toujours facile.\" \/>\n<meta property=\"og:url\" content=\"https:\/\/dalilahannouche.com\/en\/le-harcelement-moral-dans-le-monde-de-lentreprise\/\" \/>\n<meta property=\"og:site_name\" content=\"Dalila Hannouche\" \/>\n<meta property=\"article:published_time\" content=\"2020-09-30T22:03:23+00:00\" \/>\n<meta property=\"article:modified_time\" content=\"2025-06-15T22:07:35+00:00\" \/>\n<meta property=\"og:image\" content=\"https:\/\/dalilahannouche.com\/wp-content\/uploads\/2020\/10\/harcelement-moral-1140x641-1-1.jpg\" \/>\n\t<meta property=\"og:image:width\" content=\"1140\" \/>\n\t<meta property=\"og:image:height\" content=\"641\" \/>\n\t<meta property=\"og:image:type\" content=\"image\/jpeg\" \/>\n<meta name=\"author\" content=\"Dalila Hannouche\" \/>\n<meta name=\"twitter:card\" content=\"summary_large_image\" \/>\n<meta name=\"twitter:label1\" content=\"Written by\" \/>\n\t<meta name=\"twitter:data1\" content=\"Dalila Hannouche\" \/>\n\t<meta name=\"twitter:label2\" content=\"Est. reading time\" \/>\n\t<meta name=\"twitter:data2\" content=\"3 minutes\" \/>\n<script type=\"application\/ld+json\" class=\"yoast-schema-graph\">{\"@context\":\"https:\\\/\\\/schema.org\",\"@graph\":[{\"@type\":\"Article\",\"@id\":\"https:\\\/\\\/dalilahannouche.com\\\/le-harcelement-moral-dans-le-monde-de-lentreprise\\\/#article\",\"isPartOf\":{\"@id\":\"https:\\\/\\\/dalilahannouche.com\\\/le-harcelement-moral-dans-le-monde-de-lentreprise\\\/\"},\"author\":{\"name\":\"Dalila Hannouche\",\"@id\":\"https:\\\/\\\/dalilahannouche.com\\\/#\\\/schema\\\/person\\\/e8b66be866fdbc3c314256580815f474\"},\"headline\":\"Le harc\u00e8lement moral dans le monde de l&rsquo;entreprise\",\"datePublished\":\"2020-09-30T22:03:23+00:00\",\"dateModified\":\"2025-06-15T22:07:35+00:00\",\"mainEntityOfPage\":{\"@id\":\"https:\\\/\\\/dalilahannouche.com\\\/le-harcelement-moral-dans-le-monde-de-lentreprise\\\/\"},\"wordCount\":701,\"commentCount\":0,\"image\":{\"@id\":\"https:\\\/\\\/dalilahannouche.com\\\/le-harcelement-moral-dans-le-monde-de-lentreprise\\\/#primaryimage\"},\"thumbnailUrl\":\"https:\\\/\\\/dalilahannouche.com\\\/wp-content\\\/uploads\\\/2020\\\/10\\\/harcelement-moral-1140x641-1-1.jpg\",\"articleSection\":[\"Mes \u00e9crits\"],\"inLanguage\":\"en-US\",\"potentialAction\":[{\"@type\":\"CommentAction\",\"name\":\"Comment\",\"target\":[\"https:\\\/\\\/dalilahannouche.com\\\/le-harcelement-moral-dans-le-monde-de-lentreprise\\\/#respond\"]}]},{\"@type\":\"WebPage\",\"@id\":\"https:\\\/\\\/dalilahannouche.com\\\/le-harcelement-moral-dans-le-monde-de-lentreprise\\\/\",\"url\":\"https:\\\/\\\/dalilahannouche.com\\\/le-harcelement-moral-dans-le-monde-de-lentreprise\\\/\",\"name\":\"Le harc\u00e8lement moral dans le monde de l'entreprise - Dalila Hannouche\",\"isPartOf\":{\"@id\":\"https:\\\/\\\/dalilahannouche.com\\\/#website\"},\"primaryImageOfPage\":{\"@id\":\"https:\\\/\\\/dalilahannouche.com\\\/le-harcelement-moral-dans-le-monde-de-lentreprise\\\/#primaryimage\"},\"image\":{\"@id\":\"https:\\\/\\\/dalilahannouche.com\\\/le-harcelement-moral-dans-le-monde-de-lentreprise\\\/#primaryimage\"},\"thumbnailUrl\":\"https:\\\/\\\/dalilahannouche.com\\\/wp-content\\\/uploads\\\/2020\\\/10\\\/harcelement-moral-1140x641-1-1.jpg\",\"datePublished\":\"2020-09-30T22:03:23+00:00\",\"dateModified\":\"2025-06-15T22:07:35+00:00\",\"author\":{\"@id\":\"https:\\\/\\\/dalilahannouche.com\\\/#\\\/schema\\\/person\\\/e8b66be866fdbc3c314256580815f474\"},\"breadcrumb\":{\"@id\":\"https:\\\/\\\/dalilahannouche.com\\\/le-harcelement-moral-dans-le-monde-de-lentreprise\\\/#breadcrumb\"},\"inLanguage\":\"en-US\",\"potentialAction\":[{\"@type\":\"ReadAction\",\"target\":[\"https:\\\/\\\/dalilahannouche.com\\\/le-harcelement-moral-dans-le-monde-de-lentreprise\\\/\"]}]},{\"@type\":\"ImageObject\",\"inLanguage\":\"en-US\",\"@id\":\"https:\\\/\\\/dalilahannouche.com\\\/le-harcelement-moral-dans-le-monde-de-lentreprise\\\/#primaryimage\",\"url\":\"https:\\\/\\\/dalilahannouche.com\\\/wp-content\\\/uploads\\\/2020\\\/10\\\/harcelement-moral-1140x641-1-1.jpg\",\"contentUrl\":\"https:\\\/\\\/dalilahannouche.com\\\/wp-content\\\/uploads\\\/2020\\\/10\\\/harcelement-moral-1140x641-1-1.jpg\",\"width\":1140,\"height\":641},{\"@type\":\"BreadcrumbList\",\"@id\":\"https:\\\/\\\/dalilahannouche.com\\\/le-harcelement-moral-dans-le-monde-de-lentreprise\\\/#breadcrumb\",\"itemListElement\":[{\"@type\":\"ListItem\",\"position\":1,\"name\":\"Home\",\"item\":\"https:\\\/\\\/dalilahannouche.com\\\/\"},{\"@type\":\"ListItem\",\"position\":2,\"name\":\"Le harc\u00e8lement moral dans le monde de l&rsquo;entreprise\"}]},{\"@type\":\"WebSite\",\"@id\":\"https:\\\/\\\/dalilahannouche.com\\\/#website\",\"url\":\"https:\\\/\\\/dalilahannouche.com\\\/\",\"name\":\"Dalila Hannouche\",\"description\":\"\u00c9crivain\",\"potentialAction\":[{\"@type\":\"SearchAction\",\"target\":{\"@type\":\"EntryPoint\",\"urlTemplate\":\"https:\\\/\\\/dalilahannouche.com\\\/?s={search_term_string}\"},\"query-input\":{\"@type\":\"PropertyValueSpecification\",\"valueRequired\":true,\"valueName\":\"search_term_string\"}}],\"inLanguage\":\"en-US\"},{\"@type\":\"Person\",\"@id\":\"https:\\\/\\\/dalilahannouche.com\\\/#\\\/schema\\\/person\\\/e8b66be866fdbc3c314256580815f474\",\"name\":\"Dalila Hannouche\",\"image\":{\"@type\":\"ImageObject\",\"inLanguage\":\"en-US\",\"@id\":\"https:\\\/\\\/secure.gravatar.com\\\/avatar\\\/fecdb7e1e81ecdd306ba0fe51a5b73ca6d4011f0e8a939dd7052b113c2b1e770?s=96&d=mm&r=g\",\"url\":\"https:\\\/\\\/secure.gravatar.com\\\/avatar\\\/fecdb7e1e81ecdd306ba0fe51a5b73ca6d4011f0e8a939dd7052b113c2b1e770?s=96&d=mm&r=g\",\"contentUrl\":\"https:\\\/\\\/secure.gravatar.com\\\/avatar\\\/fecdb7e1e81ecdd306ba0fe51a5b73ca6d4011f0e8a939dd7052b113c2b1e770?s=96&d=mm&r=g\",\"caption\":\"Dalila Hannouche\"},\"sameAs\":[\"https:\\\/\\\/dalilahannouche.com\"],\"url\":\"https:\\\/\\\/dalilahannouche.com\\\/en\\\/author\\\/anneshirly15\\\/\"}]}<\/script>\n<!-- \/ Yoast SEO plugin. -->","yoast_head_json":{"title":"Le harc\u00e8lement moral dans le monde de l'entreprise - Dalila Hannouche","robots":{"index":"index","follow":"follow","max-snippet":"max-snippet:-1","max-image-preview":"max-image-preview:large","max-video-preview":"max-video-preview:-1"},"canonical":"https:\/\/dalilahannouche.com\/en\/le-harcelement-moral-dans-le-monde-de-lentreprise\/","og_locale":"en_US","og_type":"article","og_title":"Le harc\u00e8lement moral dans le monde de l'entreprise - Dalila Hannouche","og_description":"Le harc\u00e8lement moral au travail peut provenir d\u2019une femme haut plac\u00e9e dans l\u2019entreprise, une femme dont la parole vaudra toujours plus que la v\u00f4tre. Faute de preuves tangibles, vous manquerez de t\u00e9moignages. Vous-m\u00eame penserez : \u00ab C\u2019est peut-\u00eatre moi qui divague, moi qui imagine des choses\u2026 \u00bb Tout le monde a peur d\u2019elle, ou plut\u00f4t, tout le monde a peur pour sa place. Aujourd\u2019hui, elle vous pers\u00e9cute, demain, sa cible, ce sera quelqu\u2019un d\u2019autre. R\u00e9agir ou Partir ? Une prise de d\u00e9cision qui n'est pas toujours facile.","og_url":"https:\/\/dalilahannouche.com\/en\/le-harcelement-moral-dans-le-monde-de-lentreprise\/","og_site_name":"Dalila Hannouche","article_published_time":"2020-09-30T22:03:23+00:00","article_modified_time":"2025-06-15T22:07:35+00:00","og_image":[{"width":1140,"height":641,"url":"https:\/\/dalilahannouche.com\/wp-content\/uploads\/2020\/10\/harcelement-moral-1140x641-1-1.jpg","type":"image\/jpeg"}],"author":"Dalila Hannouche","twitter_card":"summary_large_image","twitter_misc":{"Written by":"Dalila Hannouche","Est. reading time":"3 minutes"},"schema":{"@context":"https:\/\/schema.org","@graph":[{"@type":"Article","@id":"https:\/\/dalilahannouche.com\/le-harcelement-moral-dans-le-monde-de-lentreprise\/#article","isPartOf":{"@id":"https:\/\/dalilahannouche.com\/le-harcelement-moral-dans-le-monde-de-lentreprise\/"},"author":{"name":"Dalila Hannouche","@id":"https:\/\/dalilahannouche.com\/#\/schema\/person\/e8b66be866fdbc3c314256580815f474"},"headline":"Le harc\u00e8lement moral dans le monde de l&rsquo;entreprise","datePublished":"2020-09-30T22:03:23+00:00","dateModified":"2025-06-15T22:07:35+00:00","mainEntityOfPage":{"@id":"https:\/\/dalilahannouche.com\/le-harcelement-moral-dans-le-monde-de-lentreprise\/"},"wordCount":701,"commentCount":0,"image":{"@id":"https:\/\/dalilahannouche.com\/le-harcelement-moral-dans-le-monde-de-lentreprise\/#primaryimage"},"thumbnailUrl":"https:\/\/dalilahannouche.com\/wp-content\/uploads\/2020\/10\/harcelement-moral-1140x641-1-1.jpg","articleSection":["Mes \u00e9crits"],"inLanguage":"en-US","potentialAction":[{"@type":"CommentAction","name":"Comment","target":["https:\/\/dalilahannouche.com\/le-harcelement-moral-dans-le-monde-de-lentreprise\/#respond"]}]},{"@type":"WebPage","@id":"https:\/\/dalilahannouche.com\/le-harcelement-moral-dans-le-monde-de-lentreprise\/","url":"https:\/\/dalilahannouche.com\/le-harcelement-moral-dans-le-monde-de-lentreprise\/","name":"Le harc\u00e8lement moral dans le monde de l'entreprise - Dalila Hannouche","isPartOf":{"@id":"https:\/\/dalilahannouche.com\/#website"},"primaryImageOfPage":{"@id":"https:\/\/dalilahannouche.com\/le-harcelement-moral-dans-le-monde-de-lentreprise\/#primaryimage"},"image":{"@id":"https:\/\/dalilahannouche.com\/le-harcelement-moral-dans-le-monde-de-lentreprise\/#primaryimage"},"thumbnailUrl":"https:\/\/dalilahannouche.com\/wp-content\/uploads\/2020\/10\/harcelement-moral-1140x641-1-1.jpg","datePublished":"2020-09-30T22:03:23+00:00","dateModified":"2025-06-15T22:07:35+00:00","author":{"@id":"https:\/\/dalilahannouche.com\/#\/schema\/person\/e8b66be866fdbc3c314256580815f474"},"breadcrumb":{"@id":"https:\/\/dalilahannouche.com\/le-harcelement-moral-dans-le-monde-de-lentreprise\/#breadcrumb"},"inLanguage":"en-US","potentialAction":[{"@type":"ReadAction","target":["https:\/\/dalilahannouche.com\/le-harcelement-moral-dans-le-monde-de-lentreprise\/"]}]},{"@type":"ImageObject","inLanguage":"en-US","@id":"https:\/\/dalilahannouche.com\/le-harcelement-moral-dans-le-monde-de-lentreprise\/#primaryimage","url":"https:\/\/dalilahannouche.com\/wp-content\/uploads\/2020\/10\/harcelement-moral-1140x641-1-1.jpg","contentUrl":"https:\/\/dalilahannouche.com\/wp-content\/uploads\/2020\/10\/harcelement-moral-1140x641-1-1.jpg","width":1140,"height":641},{"@type":"BreadcrumbList","@id":"https:\/\/dalilahannouche.com\/le-harcelement-moral-dans-le-monde-de-lentreprise\/#breadcrumb","itemListElement":[{"@type":"ListItem","position":1,"name":"Home","item":"https:\/\/dalilahannouche.com\/"},{"@type":"ListItem","position":2,"name":"Le harc\u00e8lement moral dans le monde de l&rsquo;entreprise"}]},{"@type":"WebSite","@id":"https:\/\/dalilahannouche.com\/#website","url":"https:\/\/dalilahannouche.com\/","name":"Dalila Hannouche","description":"\u00c9crivain","potentialAction":[{"@type":"SearchAction","target":{"@type":"EntryPoint","urlTemplate":"https:\/\/dalilahannouche.com\/?s={search_term_string}"},"query-input":{"@type":"PropertyValueSpecification","valueRequired":true,"valueName":"search_term_string"}}],"inLanguage":"en-US"},{"@type":"Person","@id":"https:\/\/dalilahannouche.com\/#\/schema\/person\/e8b66be866fdbc3c314256580815f474","name":"Dalila Hannouche","image":{"@type":"ImageObject","inLanguage":"en-US","@id":"https:\/\/secure.gravatar.com\/avatar\/fecdb7e1e81ecdd306ba0fe51a5b73ca6d4011f0e8a939dd7052b113c2b1e770?s=96&d=mm&r=g","url":"https:\/\/secure.gravatar.com\/avatar\/fecdb7e1e81ecdd306ba0fe51a5b73ca6d4011f0e8a939dd7052b113c2b1e770?s=96&d=mm&r=g","contentUrl":"https:\/\/secure.gravatar.com\/avatar\/fecdb7e1e81ecdd306ba0fe51a5b73ca6d4011f0e8a939dd7052b113c2b1e770?s=96&d=mm&r=g","caption":"Dalila Hannouche"},"sameAs":["https:\/\/dalilahannouche.com"],"url":"https:\/\/dalilahannouche.com\/en\/author\/anneshirly15\/"}]}},"jetpack_featured_media_url":"https:\/\/dalilahannouche.com\/wp-content\/uploads\/2020\/10\/harcelement-moral-1140x641-1-1.jpg","jetpack_sharing_enabled":true,"jetpack-related-posts":[],"jetpack_shortlink":"https:\/\/wp.me\/pgCs3X-a6","brizy_media":[],"_links":{"self":[{"href":"https:\/\/dalilahannouche.com\/en\/wp-json\/wp\/v2\/posts\/626","targetHints":{"allow":["GET"]}}],"collection":[{"href":"https:\/\/dalilahannouche.com\/en\/wp-json\/wp\/v2\/posts"}],"about":[{"href":"https:\/\/dalilahannouche.com\/en\/wp-json\/wp\/v2\/types\/post"}],"author":[{"embeddable":true,"href":"https:\/\/dalilahannouche.com\/en\/wp-json\/wp\/v2\/users\/1"}],"replies":[{"embeddable":true,"href":"https:\/\/dalilahannouche.com\/en\/wp-json\/wp\/v2\/comments?post=626"}],"version-history":[{"count":1,"href":"https:\/\/dalilahannouche.com\/en\/wp-json\/wp\/v2\/posts\/626\/revisions"}],"predecessor-version":[{"id":916,"href":"https:\/\/dalilahannouche.com\/en\/wp-json\/wp\/v2\/posts\/626\/revisions\/916"}],"wp:featuredmedia":[{"embeddable":true,"href":"https:\/\/dalilahannouche.com\/en\/wp-json\/wp\/v2\/media\/635"}],"wp:attachment":[{"href":"https:\/\/dalilahannouche.com\/en\/wp-json\/wp\/v2\/media?parent=626"}],"wp:term":[{"taxonomy":"category","embeddable":true,"href":"https:\/\/dalilahannouche.com\/en\/wp-json\/wp\/v2\/categories?post=626"},{"taxonomy":"post_tag","embeddable":true,"href":"https:\/\/dalilahannouche.com\/en\/wp-json\/wp\/v2\/tags?post=626"}],"curies":[{"name":"wp","href":"https:\/\/api.w.org\/{rel}","templated":true}]}}